{"id":6053,"date":"2025-06-02T15:08:06","date_gmt":"2025-06-02T13:08:06","guid":{"rendered":"https:\/\/www.bernadettemauro.fr\/sculptrice\/?p=6053"},"modified":"2025-06-02T17:54:08","modified_gmt":"2025-06-02T15:54:08","slug":"benodet-musee-du-bord-de-mer-ete-2025","status":"publish","type":"post","link":"https:\/\/www.bernadettemauro.fr\/sculptrice\/benodet-musee-du-bord-de-mer-ete-2025\/","title":{"rendered":"B\u00e9nodet Mus\u00e9e du bord de mer \u00e9t\u00e9 2025"},"content":{"rendered":"\n<figure class=\"wp-block-image size-large\"><img loading=\"lazy\" decoding=\"async\" width=\"699\" height=\"1024\" src=\"https:\/\/www.bernadettemauro.fr\/sculptrice\/wp-content\/uploads\/2025\/06\/Affiche_musee_Artistes_eitei_2025-Web-699x1024.jpg\" alt=\"Affiche musee Artistes e\u0301te\u0301 2025 decaux\" class=\"wp-image-6054\" srcset=\"https:\/\/www.bernadettemauro.fr\/sculptrice\/wp-content\/uploads\/2025\/06\/Affiche_musee_Artistes_eitei_2025-Web-699x1024.jpg 699w, https:\/\/www.bernadettemauro.fr\/sculptrice\/wp-content\/uploads\/2025\/06\/Affiche_musee_Artistes_eitei_2025-Web-205x300.jpg 205w, https:\/\/www.bernadettemauro.fr\/sculptrice\/wp-content\/uploads\/2025\/06\/Affiche_musee_Artistes_eitei_2025-Web-768x1125.jpg 768w, https:\/\/www.bernadettemauro.fr\/sculptrice\/wp-content\/uploads\/2025\/06\/Affiche_musee_Artistes_eitei_2025-Web.jpg 806w\" sizes=\"auto, (max-width: 699px) 100vw, 699px\" \/><\/figure>\n","protected":false},"excerpt":{"rendered":"<p>Exposition collective de l&rsquo;Acad\u00e9mie des Arts et Sciences de la Mer du 7 juin au 14 septembre 2025. &hellip; <a href=\"https:\/\/www.bernadettemauro.fr\/sculptrice\/benodet-musee-du-bord-de-mer-ete-2025\/\" class=\"more-link\"><span class=\"readmore\">Lire la suite &#8230;<span class=\"screen-reader-text\">B\u00e9nodet Mus\u00e9e du bord de mer \u00e9t\u00e9 2025<\/span><\/span><\/a><\/p>\n","protected":false},"author":2,"featured_media":6057,"comment_status":"closed","ping_status":"closed","sticky":false,"template":"","format":"standard","meta":{"footnotes":""},"categories":[1],"tags":[85,84],"class_list":["post-6053","post","type-post","status-publish","format-standard","has-post-thumbnail","hentry","category-actualite","tag-exposition-collective-de-lacademie-des-arts-et-sciences-de-la-mer","tag-musee-du-bord-de-mer-de-benodet"],"_links":{"self":[{"href":"https:\/\/www.bernadettemauro.fr\/sculptrice\/wp-json\/wp\/v2\/posts\/6053","targetHints":{"allow":["GET"]}}],"collection":[{"href":"https:\/\/www.bernadettemauro.fr\/sculptrice\/wp-json\/wp\/v2\/posts"}],"about":[{"href":"https:\/\/www.bernadettemauro.fr\/sculptrice\/wp-json\/wp\/v2\/types\/post"}],"author":[{"embeddable":true,"href":"https:\/\/www.bernadettemauro.fr\/sculptrice\/wp-json\/wp\/v2\/users\/2"}],"replies":[{"embeddable":true,"href":"https:\/\/www.bernadettemauro.fr\/sculptrice\/wp-json\/wp\/v2\/comments?post=6053"}],"version-history":[{"count":2,"href":"https:\/\/www.bernadettemauro.fr\/sculptrice\/wp-json\/wp\/v2\/posts\/6053\/revisions"}],"predecessor-version":[{"id":6059,"href":"https:\/\/www.bernadettemauro.fr\/sculptrice\/wp-json\/wp\/v2\/posts\/6053\/revisions\/6059"}],"wp:featuredmedia":[{"embeddable":true,"href":"https:\/\/www.bernadettemauro.fr\/sculptrice\/wp-json\/wp\/v2\/media\/6057"}],"wp:attachment":[{"href":"https:\/\/www.bernadettemauro.fr\/sculptrice\/wp-json\/wp\/v2\/media?parent=6053"}],"wp:term":[{"taxonomy":"category","embeddable":true,"href":"https:\/\/www.bernadettemauro.fr\/sculptrice\/wp-json\/wp\/v2\/categories?post=6053"},{"taxonomy":"post_tag","embeddable":true,"href":"https:\/\/www.bernadettemauro.fr\/sculptrice\/wp-json\/wp\/v2\/tags?post=6053"}],"curies":[{"name":"wp","href":"https:\/\/api.w.org\/{rel}","templated":true}]}}